{"id":25,"date":"2014-09-22T04:40:28","date_gmt":"2014-09-22T04:40:28","guid":{"rendered":"http:\/\/estudiosgenealogicos.org\/ivettesarmiento\/?p=25"},"modified":"2014-09-22T05:10:32","modified_gmt":"2014-09-22T05:10:32","slug":"la-posibilidad-de-una-estetizacion-de-la-etica-y-el-cuidado-de-si","status":"publish","type":"post","link":"https:\/\/estudiosgenealogicos.org\/ivettesarmiento\/2014\/09\/22\/la-posibilidad-de-una-estetizacion-de-la-etica-y-el-cuidado-de-si\/","title":{"rendered":"La posibilidad de una estetizaci\u00f3n de la \u00c9tica y el cuidado de s\u00ed"},"content":{"rendered":"<p><a href=\"http:\/\/estudiosgenealogicos.org\/ivettesarmiento\/files\/2014\/09\/CT03.jpg\"><img loading=\"lazy\" decoding=\"async\" class=\"alignnone size-medium wp-image-26 aligncenter\" alt=\"CT03\" src=\"http:\/\/estudiosgenealogicos.org\/ivettesarmiento\/files\/2014\/09\/CT03-194x300.jpg\" width=\"194\" height=\"300\" srcset=\"https:\/\/estudiosgenealogicos.org\/ivettesarmiento\/files\/2014\/09\/CT03-194x300.jpg 194w, https:\/\/estudiosgenealogicos.org\/ivettesarmiento\/files\/2014\/09\/CT03-662x1024.jpg 662w, https:\/\/estudiosgenealogicos.org\/ivettesarmiento\/files\/2014\/09\/CT03.jpg 825w\" sizes=\"auto, (max-width: 194px) 100vw, 194px\" \/><\/a><\/p>\n<p>&nbsp;<\/p>\n<p>SARMIENTO GUTI\u00c9RREZ, Gema Ivette:<em>\u00a0La posibilidad de una estetizaci\u00f3n de la \u00c9tica y el cuidado de s\u00ed<strong>\u00a0<\/strong><\/em>[Libro digital]. M\u00e9xico, Centro de Estudios Geneal\u00f3gicos (Cuadernos del CEGE, 3, \u00c9tica y Filosof\u00eda Pol\u00edtica), 2014. [ISBN: en tr\u00e1mite]<\/p>\n","protected":false},"excerpt":{"rendered":"<p>&nbsp; SARMIENTO GUTI\u00c9RREZ, Gema Ivette:\u00a0La posibilidad de una estetizaci\u00f3n de la \u00c9tica y el cuidado de s\u00ed\u00a0[Libro digital]. M\u00e9xico, Centro de Estudios Geneal\u00f3gicos (Cuadernos del CEGE, 3, \u00c9tica y Filosof\u00eda Pol\u00edtica), 2014. [ISBN: en tr\u00e1mite]<\/p>\n","protected":false},"author":7,"featured_media":0,"comment_status":"open","ping_status":"open","sticky":false,"template":"","format":"image","meta":{"_bbp_topic_count":0,"_bbp_reply_count":0,"_bbp_total_topic_count":0,"_bbp_total_reply_count":0,"_bbp_voice_count":0,"_bbp_anonymous_reply_count":0,"_bbp_topic_count_hidden":0,"_bbp_reply_count_hidden":0,"_bbp_forum_subforum_count":0,"footnotes":""},"categories":[4],"tags":[],"class_list":["post-25","post","type-post","status-publish","format-image","hentry","category-publicaciones-cege","post_format-post-format-image"],"_links":{"self":[{"href":"https:\/\/estudiosgenealogicos.org\/ivettesarmiento\/wp-json\/wp\/v2\/posts\/25","targetHints":{"allow":["GET"]}}],"collection":[{"href":"https:\/\/estudiosgenealogicos.org\/ivettesarmiento\/wp-json\/wp\/v2\/posts"}],"about":[{"href":"https:\/\/estudiosgenealogicos.org\/ivettesarmiento\/wp-json\/wp\/v2\/types\/post"}],"author":[{"embeddable":true,"href":"https:\/\/estudiosgenealogicos.org\/ivettesarmiento\/wp-json\/wp\/v2\/users\/7"}],"replies":[{"embeddable":true,"href":"https:\/\/estudiosgenealogicos.org\/ivettesarmiento\/wp-json\/wp\/v2\/comments?post=25"}],"version-history":[{"count":1,"href":"https:\/\/estudiosgenealogicos.org\/ivettesarmiento\/wp-json\/wp\/v2\/posts\/25\/revisions"}],"predecessor-version":[{"id":27,"href":"https:\/\/estudiosgenealogicos.org\/ivettesarmiento\/wp-json\/wp\/v2\/posts\/25\/revisions\/27"}],"wp:attachment":[{"href":"https:\/\/estudiosgenealogicos.org\/ivettesarmiento\/wp-json\/wp\/v2\/media?parent=25"}],"wp:term":[{"taxonomy":"category","embeddable":true,"href":"https:\/\/estudiosgenealogicos.org\/ivettesarmiento\/wp-json\/wp\/v2\/categories?post=25"},{"taxonomy":"post_tag","embeddable":true,"href":"https:\/\/estudiosgenealogicos.org\/ivettesarmiento\/wp-json\/wp\/v2\/tags?post=25"}],"curies":[{"name":"wp","href":"https:\/\/api.w.org\/{rel}","templated":true}]}}