{"id":161,"date":"2015-03-18T20:59:15","date_gmt":"2015-03-19T02:59:15","guid":{"rendered":"http:\/\/estudiosgenealogicos.org\/rafarabius\/?p=161"},"modified":"2015-03-18T21:49:56","modified_gmt":"2015-03-19T03:49:56","slug":"al-mawardi-revisitado-parte-3-la-deposicion-del-imam","status":"publish","type":"post","link":"https:\/\/estudiosgenealogicos.org\/rafarabius\/2015\/03\/18\/al-mawardi-revisitado-parte-3-la-deposicion-del-imam\/","title":{"rendered":"al-Mawardi revisitado (parte 3-la deposici\u00f3n del imam)"},"content":{"rendered":"<p><span style=\"color: #ffffff\">p.sdfootnote { margin-left: 0.6cm; text-indent: -0.6cm; margin-bottom: 0cm; font-size: 10pt; line-height: 100%; }p { margin-bottom: 0.25cm; line-height: 120%; }a.sdfootnoteanc { font-size: 57%; }<\/span><\/p>\n<p align=\"justify\"><span style=\"font-family: URW Bookman L\"><span style=\"font-family: URW Bookman L\">Se <a title=\"al-Mawardi revisitado (parte 2- requisitos y deberes del imam)\" href=\"http:\/\/estudiosgenealogicos.org\/rafarabius\/2015\/03\/18\/al-mawardi-revisitado-parte-2-requisitos-y-deberes-del-imam\/\">han visto ya<\/a> las condiciones que al-Mawardi postula en <\/span><i>a<\/i><i>l-Ahkam <\/i><i>al<\/i><i>-Sultaniyyah <\/i><span style=\"font-family: URW Bookman L\">para que<\/span><span style=\"font-family: URW Bookman L\"> alguien <\/span><span style=\"font-family: URW Bookman L\">pueda<\/span><span style=\"font-family: URW Bookman L\"> aspirar a ser <\/span><em><span style=\"font-family: URW Bookman L\">imam<\/span><\/em><span style=\"font-family: URW Bookman L\">, <\/span><span style=\"font-family: URW Bookman L\">las que se deben cumplir para su designaci\u00f3n y <\/span><span style=\"font-family: URW Bookman L\"> cu\u00e1les son sus deberes. <\/span><span style=\"font-family: URW Bookman L\">Corresponde ahora examinar razones por <\/span> las que un <i>imam<\/i> podr\u00eda ser apartado del cargo.<\/span><\/p>\n<p align=\"justify\"><span style=\"font-family: URW Bookman L\">\u00c9stas<i> <\/i>razones son englobadas en dos grandes grupos<i>: <\/i>1) faltas a la decencia; y 2) deficiencias f\u00edsicas. Las primeras son definidas como desviaciones moral que pueden constituir tanto en la realizaci\u00f3n de acciones reprobables,producto del deseo, como en una desviaci\u00f3n en la interpretaci\u00f3n del credo, de modo que sea contraria a la verdad.<a href=\"#sdfootnote1sym\"><sup>1<\/sup><\/a> Las segundas pueden tratarse de una deficiencia mental o f\u00edsica: una p\u00e9rdida de capacidades intelectuales que impida a la persona seguir ejerciendo el <i>imamato<\/i> o alguna deficiencia f\u00edsica que le impida realizar plenamente las actividades propias del mismo.<a href=\"#sdfootnote2sym\"><sup>2<\/sup><\/a><\/span><\/p>\n<p align=\"justify\"><span style=\"font-family: URW Bookman L\">Hay otras dos cosas que al-Mawardi considera como impedimentos o deficiencias en la capacidad de acci\u00f3n del <i>imam<\/i>, por las cuales podr\u00eda ser depuesto de manera legitima y merecen un inter\u00e9s mayor: el control y la coerci\u00f3n por parte de otros.<\/span><\/p>\n<p align=\"justify\"><span style=\"font-family: URW Bookman L\">El primero se da cuando alguien del mismo s\u00e9quito del gobernante adquiere mayor autoridad que \u00e9l y gobierna sin aceptar desobediencias ni actos de oposici\u00f3n. Sorprendentemente, en principio esto no se considerar\u00e1 como raz\u00f3n suficiente para revocar del <i>imamato<\/i> a la persona que lo ocupa, y se afirma adem\u00e1s que no perjudica la validez de su gobierno.<a href=\"#sdfootnote3sym\"><sup>3<\/sup><\/a> En estos casos las acciones de la persona que ha tomado el control tienen que ser investigadas: si son acordes con la religi\u00f3n y sus mandatos, as\u00ed como con los requerimientos de la justicia, entonces se puede permitir que la situaci\u00f3n contin\u00fae; si estos mandatos no se observan y la <i>umma <\/i> se corrompe, el <i>imam<\/i> debe buscar la ayuda de alguien m\u00e1s con el fin de poner fin al control que lo sujeta.<a href=\"#sdfootnote4sym\"><sup>4<\/sup><\/a><\/span><\/p>\n<p align=\"justify\"><span style=\"font-family: URW Bookman L\">El caso de la coerci\u00f3n es parecido. Se trata del caso en que el <i>imam<\/i> se vuelve cautivo de una fuerza enemiga de la que no puede liberarse. Cuando esto sucede e <i>imam<\/i> no puede encargarse de examinar y guiar los asuntos de los musulmanes, entonces el contrato por el que accedi\u00f3 al <i>imamato <\/i> queda anulado y la comunidad tiene que buscar a otra persona que ocupe el puesto. Pero esto no se puede hacer sin que la comunidad intente rescatarlo previamente y mientras haya esperanzas de que sea liberado. Esto aplica tanto si los enemigos que lo han capturado son enemigos del islam o musulmanes rebeldes.<a href=\"#sdfootnote5sym\"><sup>5<\/sup><\/a> <\/span><\/p>\n<p align=\"justify\"><span style=\"font-family: URW Bookman L\">S\u00f3lo hay un caso en que a pesar de estar cautivo y sin esperanza de liberaci\u00f3n, un hombre puede conservar el <i>imamato: <\/i>cuando es capturado por musulmanes rebeldes que no tienen un <i>imam<\/i>, de modo que reina el caos. Esto se debe a que el juramento de lealtad obliga tambi\u00e9n a los musulmanes rebeldes. Se puede decir que aunque impedido y apresado por ellos <i>de facto<\/i>, sin embargo conserva su autoridad sobre ellos <i>de iure<\/i>. <a href=\"#sdfootnote6sym\"><sup>6<\/sup><\/a> <\/span><\/p>\n<p align=\"justify\"><span style=\"font-family: URW Bookman L\">Pero si los rebeldes han elegido a un <i>imam<\/i> por su cuenta y han jurado lealtad a \u00e9l, entonces el capturado queda excluido del <i>imamato<\/i> en cuanto no quedan esperanzas de liberarlo, pues los rebeldes han abandonado toda obediencia a \u00e9l y en el territorio ocupado por ellos rigen reglas diferentes a las de la comunidad. Las personas leales al capturado no pueden esperar que \u00e9l los asista, ya no tiene poder alguno de modo que deben elegir un nuevo gobernante.<\/span><\/p>\n<p align=\"justify\"><span style=\"font-family: URW Bookman L\">Todos estos planteamientos parecen preparar el camino para la distinci\u00f3n que ser\u00e1 llevada a cabo m\u00e1s adelante entre el <i>emirato general libremente asignado<\/i> y el <i>emirato de conquista<\/i>. Y tambi\u00e9n es posible asociar algunos de ellos con la situaci\u00f3n particular del momento. El caso del califa controlado puede verse por un lado como un reconocimiento de situaciones que se hab\u00edan presentado ya en la historia de la dinast\u00eda <i>abbas\u00ed<\/i> en que alg\u00fan miembro de la familia o de la corte y no el califa era el que en realidad ejerc\u00eda el control del imperio.<a href=\"#sdfootnote7sym\"><sup>7<\/sup><\/a><\/span><\/p>\n<p align=\"justify\"><span style=\"font-family: URW Bookman L\">El postulado de que el califa debe buscar a quien le ayude a oponerse a quien lo controla, cuando la ley es infringida, se puede ver como una justificaci\u00f3n de las posibles negociaciones de los <i>abbas\u00edes<\/i> con los sely\u00facidas para buscar su apoyo en contra de los buy\u00edes que, musulmanes y todo, eran <i>s\u00ed\u00edes.<\/i><\/span><\/p>\n<p align=\"justify\"><span style=\"font-family: URW Bookman L\">Adem\u00e1s, el \u00faltimo caso contemplado cuando se trata el asunto de la coerci\u00f3n, tambi\u00e9n parece estar formulado de manera en que se pueda aplicar al caso de la toma del control imperial por parte de los buy\u00edes. Ser\u00eda un tanto aventurado asegurar que efectivamente no ten\u00edan un l\u00edder bien definido al que fueran leales al momento de tomar Bagdag, de modo que el caos amenazara el imperio debido a ello. Pero es indudable que la posibilidad de afirmar que esto era as\u00ed, de manipular la visi\u00f3n sobre lo que hab\u00eda ocurrido y c\u00f3mo en ese momento, para hacer que as\u00ed pareciera, era indudablemente \u00fatil para las pretensiones de reafirmar la necesidad de mantener al califa <i>abbas\u00ed<\/i> en su sitio y de reafirmar su supremac\u00eda.<\/span><\/p>\n<p align=\"justify\"><span style=\"font-family: URW Bookman L\">Aunque tal vez lo m\u00e1s importante en estos puntos es el hecho de que se hace evidente que no se exige una lealtad a ultranza de la comunidad al <i>imam<\/i>. Lo m\u00e1s importante, lo que tiene prioridad, sin importar qui\u00e9n ejerce realmente el poder o tiene la capacidad para hacerlo es el cumplimiento de la ley revelada. Ante el poder de las personas se distingue el poder pol\u00edtico-moral de la religi\u00f3n, \u00fanico irrenunciable. Esta idea que est\u00e1 de fondo se reafirmar\u00e1 con mayor fuerza cuando se trate el caso de los emiratos. Al que conviene dirigirnos ahora.<\/span><\/p>\n<div>\n<p><i><a href=\"#sdfootnote1anc\">1 <\/a><\/i><span style=\"font-family: URW Bookman L\"><i>a<\/i><i>l-Ahkam <\/i><i>al<\/i><i>-Sultaniyyah<\/i><\/span>, p. 30<\/p>\n<\/div>\n<div>\n<p><a href=\"#sdfootnote2anc\">2<\/a><span style=\"font-family: Liberation Serif,serif\">P<\/span><span style=\"font-family: Liberation Serif,serif\">\u00e9rdida de la vista, del o\u00eddo, del habla, <\/span><span style=\"font-family: Liberation Serif,serif\">p\u00e9rdida de las manos o de las piernas o una p\u00e9rdida de movilidad que le impida actuar. <\/span>\u00cdbid., p. 31-33<\/p>\n<\/div>\n<div>\n<p><a href=\"#sdfootnote3anc\">3<\/a>Aunque esto resulta comprensible si se considera que, a fin de cuentas, el <i>imamato<\/i> es considerado aqu\u00ed como una instituci\u00f3n que se impone para garantizar e cumplimiento de la ley revelada.<\/p>\n<\/div>\n<div>\n<p><i><a href=\"#sdfootnote4anc\">4<\/a>\u00cdbid<\/i>., p. 34<\/p>\n<\/div>\n<div>\n<p><i><a href=\"#sdfootnote5anc\">5<\/a>\u00cddem<\/i>.<\/p>\n<\/div>\n<div>\n<p><i><a href=\"#sdfootnote6anc\">6<\/a>\u00cdbid<\/i>., p. 35<\/p>\n<\/div>\n<div>\n<p><a href=\"#sdfootnote7anc\">7<\/a> Durante el califato de Mutamid (870-892), por ejemplo, quien realmente ejerci\u00f3 el poder durante la mayor parte de su periodo de gobierno fue su hermano Muwaffaq<\/p>\n<\/div>\n<p><!--\np.sdfootnote { margin-left: 0.6cm; text-indent: -0.6cm; margin-bottom: 0cm; font-size: 10pt; line-height: 100%; }p { margin-bottom: 0.25cm; line-height: 120%; }a.sdfootnoteanc { font-size: 57%; }\n--><\/p>\n<p style=\"line-height: 150%\" align=\"justify\"><span style=\"font-family: URW Bookman L\"><span style=\"font-family: URW Bookman L\">Se han visto ya las condiciones que al-Mawardi postula en <\/span><i>a<\/i><i>l-Ahkam <\/i><i>al<\/i><i>-Sultaniyyah sobre <\/i><span style=\"font-family: URW Bookman L\">par que<\/span><span style=\"font-family: URW Bookman L\"> alguien <\/span><span style=\"font-family: URW Bookman L\">pueda<\/span><span style=\"font-family: URW Bookman L\"> aspirar a ser <\/span><em><span style=\"font-family: URW Bookman L\">imam<\/span><\/em><span style=\"font-family: URW Bookman L\">, <\/span><span style=\"font-family: URW Bookman L\">las que se deben cumplir para su designaci\u00f3n y <\/span><span style=\"font-family: URW Bookman L\"> cu\u00e1les son sus deberes. <\/span><span style=\"font-family: URW Bookman L\">Corresponde ahora examinar razones por <\/span><span style=\"font-style: normal\"> las <\/span><span style=\"font-style: normal\">que un <\/span><i>imam<\/i><span style=\"font-style: normal\"> podr\u00eda <\/span><span style=\"font-style: normal\">ser apartado del<\/span><span style=\"font-style: normal\"> cargo.<\/span><\/span><\/p>\n<p style=\"line-height: 150%\" align=\"justify\"><span style=\"font-family: URW Bookman L\"><span style=\"font-style: normal\">\u00c9stas<\/span><i> <\/i><span style=\"font-style: normal\">razones <\/span><span style=\"font-style: normal\">son englobadas en dos grandes grupos<\/span><i>: <\/i><span style=\"font-style: normal\">1)<\/span><span style=\"font-style: normal\"> falta<\/span><span style=\"font-style: normal\">s<\/span><span style=\"font-style: normal\">a la<\/span><span style=\"font-style: normal\"> decencia; <\/span><span style=\"font-style: normal\">y <\/span><span style=\"font-style: normal\">2)<\/span><span style=\"font-style: normal\"> deficiencia<\/span><span style=\"font-style: normal\">s<\/span><span style=\"font-style: normal\"> f\u00edsica<\/span><span style=\"font-style: normal\">s<\/span><span style=\"font-style: normal\">. La<\/span><span style=\"font-style: normal\">s<\/span><span style=\"font-style: normal\"> primera<\/span><span style=\"font-style: normal\">s<\/span><span style=\"font-style: normal\">son<\/span><span style=\"font-style: normal\"> definida<\/span><span style=\"font-style: normal\">s<\/span><span style=\"font-style: normal\"> como desviaci<\/span><span style=\"font-style: normal\">o<\/span><span style=\"font-style: normal\">n<\/span><span style=\"font-style: normal\">es<\/span><span style=\"font-style: normal\"> moral que puede<\/span><span style=\"font-style: normal\">n<\/span><span style=\"font-style: normal\"> constituir tanto en la realizaci\u00f3n de acciones reprobables,producto del deseo, como en una desviaci\u00f3n en la interpretaci\u00f3n del credo, de modo que sea contraria a la verdad.<a class=\"sdfootnoteanc\" href=\"#sdfootnote1sym\" name=\"sdfootnote1anc\"><sup>1<\/sup><\/a> La<\/span><span style=\"font-style: normal\">s<\/span><span style=\"font-style: normal\"> segunda<\/span><span style=\"font-style: normal\">s<\/span><span style=\"font-style: normal\"> puede<\/span><span style=\"font-style: normal\">n<\/span><span style=\"font-style: normal\"> tratarse de una deficiencia mental o f\u00edsica: una p\u00e9rdida de capacidades intelectuales que impida a la persona seguir ejerciendo el <\/span><i>imamato<\/i><span style=\"font-style: normal\"> o alguna deficiencia f\u00edsica que le impida realizar plenamente las actividades propias del mismo<\/span><span style=\"font-style: normal\">.<a class=\"sdfootnoteanc\" href=\"#sdfootnote2sym\" name=\"sdfootnote2anc\"><sup>2<\/sup><\/a><\/span><\/span><\/p>\n<p style=\"text-indent: 0.8cm;line-height: 150%\" align=\"justify\"><span style=\"font-family: URW Bookman L\"><span style=\"font-style: normal\">Ha<\/span><span style=\"font-style: normal\">y otr<\/span><span style=\"font-style: normal\">a<\/span><span style=\"font-style: normal\">s dos <\/span><span style=\"font-style: normal\">cosas que<\/span><span style=\"font-style: normal\"> al-Mawardi considera como impedimentos o deficiencias en la capacidad de acci\u00f3n del <\/span><i>imam<\/i><span style=\"font-style: normal\">, <\/span><span style=\"font-style: normal\">por las cuales podr\u00eda ser depuesto de manera legitima y <\/span><span style=\"font-style: normal\">merecen un inter\u00e9s mayor:<\/span><span style=\"font-style: normal\">el control<\/span><span style=\"font-style: normal\"> y <\/span><span style=\"font-style: normal\">la coerci\u00f3n<\/span><span style=\"font-style: normal\"> por parte de otros.<\/span><\/span><\/p>\n<p style=\"text-indent: 0.8cm;line-height: 150%\" align=\"justify\"><span style=\"font-family: URW Bookman L\"><span style=\"font-style: normal\">El primero se <\/span><span style=\"font-style: normal\">da cuando<\/span><span style=\"font-style: normal\"> alguien del mismo s\u00e9quito del gobernante adquiere mayor autoridad que \u00e9l y gobierna sin aceptar desobediencias ni actos de oposici\u00f3n. <\/span><span style=\"font-style: normal\">Sorprendentemente,<\/span><span style=\"font-style: normal\">en principio <\/span><span style=\"font-style: normal\">esto no se considerar\u00e1 como raz\u00f3n <\/span><span style=\"font-style: normal\">suficiente <\/span><span style=\"font-style: normal\">para revocar del <\/span><i>imamato<\/i><span style=\"font-style: normal\"> a la persona que lo ocupa, y se afirma adem\u00e1s que no perjudica la validez de su gobierno.<a class=\"sdfootnoteanc\" href=\"#sdfootnote3sym\" name=\"sdfootnote3anc\"><sup>3<\/sup><\/a> En estos casos las acciones de la persona que ha tomado el control tienen que ser investigadas: si son acordes con la religi\u00f3n y sus mandatos, as\u00ed como con los requerimientos de la justicia, entonces se puede permitir que la situaci\u00f3n contin\u00fae; si <\/span><span style=\"font-style: normal\">estos<\/span><span style=\"font-style: normal\"> mandatos no se observan y la <\/span><i>umma <\/i><span style=\"font-style: normal\"> se corrompe, el <\/span><i>imam<\/i><span style=\"font-style: normal\"> debe buscar la ayuda de alguien m\u00e1s con el fin de poner fin al control que lo sujeta.<a class=\"sdfootnoteanc\" href=\"#sdfootnote4sym\" name=\"sdfootnote4anc\"><sup>4<\/sup><\/a><\/span><\/span><\/p>\n<p style=\"text-indent: 0.8cm;line-height: 150%\" align=\"justify\"><span style=\"font-family: URW Bookman L\"><span style=\"font-style: normal\">El caso de la coerci\u00f3n es parecido. Se trata del caso en que el <\/span><i>imam<\/i><span style=\"font-style: normal\"> se vuelve cautivo de una fuerza enemiga de la que no puede liberarse. <\/span><span style=\"font-style: normal\">Cuando esto sucede e <\/span><i>imam<\/i><span style=\"font-style: normal\"> no puede encargarse de examinar y guiar los asuntos de los musulmanes, entonces el contrato por el que accedi\u00f3 al <\/span><i>imamato <\/i><span style=\"font-style: normal\"> queda anulado y la comunidad tiene que buscar a otra persona que ocupe el puesto. Pero esto no se puede hacer sin que la comunidad intente rescatarlo previamente y mientras haya esperanzas de que sea <\/span><span style=\"font-style: normal\">l<\/span><span style=\"font-style: normal\">iberado. Esto aplica tanto si los enemigos que lo han capturado son enemigos del islam o musulmanes rebeldes.<a class=\"sdfootnoteanc\" href=\"#sdfootnote5sym\" name=\"sdfootnote5anc\"><sup>5<\/sup><\/a> <\/span><\/span><\/p>\n<p style=\"text-indent: 0.8cm;line-height: 150%\" align=\"justify\"><span style=\"font-family: URW Bookman L\"><span style=\"font-style: normal\">S\u00f3lo hay un caso en que a pesar de estar cautivo y sin esperanza de liberaci\u00f3n, un hombre puede conservar el <\/span><i>imamato: <\/i><span style=\"font-style: normal\">cuando es capturado por musulmanes rebeldes que no tienen un <\/span><i>imam<\/i><span style=\"font-style: normal\">, de modo que reina el caos. Esto se debe a que el juramento de <\/span><span style=\"font-style: normal\">l<\/span><span style=\"font-style: normal\">ealtad ob<\/span><span style=\"font-style: normal\">l<\/span><span style=\"font-style: normal\">iga tambi\u00e9n a los musulmanes rebeldes. Se puede decir que aunque impedido y apresado por ellos <\/span><i>de facto<\/i><span style=\"font-style: normal\">, sin embargo conserva su autoridad sobre ellos <\/span><i>de iure<\/i><span style=\"font-style: normal\">. <a class=\"sdfootnoteanc\" href=\"#sdfootnote6sym\" name=\"sdfootnote6anc\"><sup>6<\/sup><\/a> <\/span><\/span><\/p>\n<p style=\"text-indent: 0.8cm;line-height: 150%\" align=\"justify\"><span style=\"font-family: URW Bookman L\"><span style=\"font-style: normal\">Pero si los rebeldes han elegido a un <\/span><i>imam<\/i><span style=\"font-style: normal\"> por su cuenta y han jurado lealtad a \u00e9l, entonces el capturado queda excluido del <\/span><i>imamato<\/i><span style=\"font-style: normal\"> en cuanto no quedan esperanzas de liberarlo, <\/span><span style=\"font-style: normal\">pues los rebeldes han abandonado toda obediencia a \u00e9l y en el territorio ocupado por ellos rigen reglas diferentes a las de la comunidad. Las personas leales al capturado no pueden esperar que \u00e9l los asista, ya no tiene poder alguno <\/span><span style=\"font-style: normal\">de modo que deben elegir <\/span><span style=\"font-style: normal\">un nuevo gobernante.<\/span><\/span><\/p>\n<p style=\"text-indent: 0.8cm;line-height: 150%\" align=\"justify\"><span style=\"font-family: URW Bookman L\"><span style=\"font-style: normal\">Todos e<\/span><span style=\"font-style: normal\">stos planteamientos parecen preparar el camino para la distinci\u00f3n que ser\u00e1 llevada a cabo m\u00e1s adelante entre el <\/span><i>emirato general libremente asignado<\/i><span style=\"font-style: normal\"> y el <\/span><i>emirato de conquista<\/i><span style=\"font-style: normal\">. Y tambi\u00e9n es posible asociar algunos de ellos con la situaci\u00f3n particular del momento. <\/span><span style=\"font-style: normal\">El caso del califa controlado puede verse por un lado como un reconocimiento de situaciones que se hab\u00edan presentado ya en la historia de la dinast\u00eda <\/span><i>abbas\u00ed<\/i><span style=\"font-style: normal\"> en que alg\u00fan miembro de la familia o de la corte y no el califa era el que en realidad ejerc\u00eda el control del imperio.<a class=\"sdfootnoteanc\" href=\"#sdfootnote7sym\" name=\"sdfootnote7anc\"><sup>7<\/sup><\/a><\/span><\/span><\/p>\n<p style=\"text-indent: 0.8cm;line-height: 150%\" align=\"justify\"><span style=\"font-family: URW Bookman L\"><span style=\"font-style: normal\">E<\/span><span style=\"font-style: normal\">l postulado de que el califa debe buscar a quien le ayude a oponerse a quien lo controla, cuando la ley es infringida, se puede ver como una justificaci\u00f3n de las posibles negociaciones de los <\/span><i>abbas\u00edes<\/i><span style=\"font-style: normal\"> con los sely\u00facidas para buscar su apoyo en contra de los buy\u00edes que, musulmanes y todo, eran <\/span><i>s\u00ed\u00edes.<\/i><\/span><\/p>\n<p style=\"text-indent: 0.8cm;font-style: normal;line-height: 150%\" align=\"justify\"><span style=\"font-family: URW Bookman L\">Adem\u00e1s, el \u00faltimo caso contemplado cuando se trata el asunto de la coerci\u00f3n, tambi\u00e9n parece estar formulado de manera en que se pueda aplicar al caso de la toma del control imperial por parte de los buy\u00edes. Ser\u00eda un tanto aventurado asegurar que efectivamente no ten\u00edan un l\u00edder bien definido al que fueran leales al momento de tomar Bagdag, de modo que el caos amenazara el imperio debido a ello. Pero es indudable que la posibilidad de afirmar que esto era as\u00ed, de manipular la visi\u00f3n sobre lo que hab\u00eda ocurrido y c\u00f3mo en ese momento, para hacer que as\u00ed pareciera, era indudablemente \u00fatil para las pretensiones de reafirmar la necesidad de mantener al califa <i>abbas\u00ed<\/i> en su sitio y de reafirmar su supremac\u00eda.<\/span><\/p>\n<p style=\"text-indent: 0.8cm;font-style: normal;line-height: 150%\" align=\"justify\"><span style=\"font-family: URW Bookman L\">Aunque tal vez lo m\u00e1s importante en estos puntos es el hecho de que se hace evidente que no se exige una lealtad a ultranza de la comunidad al <i>imam<\/i>. Lo m\u00e1s importante, lo que tiene prioridad, sin importar qui\u00e9n ejerce realmente el poder o tiene la capacidad para hacerlo es el cumplimiento de la ley revelada. Ante el poder de las personas se distingue el poder pol\u00edtico-moral de la religi\u00f3n, \u00fanico irrenunciable. Esta idea que est\u00e1 de fondo se reafirmar\u00e1 con mayor fuerza cuando se trate el <a title=\"al-Mawardi revisitado (parte 4 \u2013 emirato asignado libremente y emirato de conquista)\" href=\"http:\/\/estudiosgenealogicos.org\/rafarabius\/2015\/03\/18\/al-mawardi-revisitado-parte-4-emirato-asignado-libremente-y-emirato-de-conquista\/\">caso de los emiratos<\/a>. Al que conviene dirigirnos ahora.<\/span><\/p>\n<div id=\"sdfootnote1\">\n<p class=\"sdfootnote\"><i><a class=\"sdfootnotesym\" href=\"#sdfootnote1anc\" name=\"sdfootnote1sym\">1<\/a>\u00cdbid<\/i><span style=\"font-style: normal\">., p. 30<\/span><\/p>\n<\/div>\n<div id=\"sdfootnote2\">\n<p class=\"sdfootnote\"><a class=\"sdfootnotesym\" href=\"#sdfootnote2anc\" name=\"sdfootnote2sym\">2<\/a><span style=\"font-family: Liberation Serif,serif\"><span style=\"font-style: normal\">P<\/span><\/span><span style=\"font-family: Liberation Serif,serif\"><span style=\"font-style: normal\">\u00e9rdida de la vista, del o\u00eddo, del habla, <\/span><\/span><span style=\"font-family: Liberation Serif,serif\"><span style=\"font-style: normal\">p\u00e9rdida de las manos o de las piernas o una p\u00e9rdida de movilidad que le impida actuar. <\/span><\/span>\u00cdbid<span style=\"font-style: normal\">., p. 31-33<\/span><\/p>\n<\/div>\n<div id=\"sdfootnote3\">\n<p class=\"sdfootnote\"><a class=\"sdfootnotesym\" href=\"#sdfootnote3anc\" name=\"sdfootnote3sym\">3<\/a><span style=\"font-style: normal\">Aunque esto resulta comprensible <\/span><span style=\"font-style: normal\">si se considera que, a fin de cuentas, el <\/span><i>imamato<\/i><span style=\"font-style: normal\"> es considerado <\/span><span style=\"font-style: normal\">aqu\u00ed<\/span><span style=\"font-style: normal\"> como una instituci\u00f3n que se impone para garantizar e cumplimiento de la ley revelada.<\/span><\/p>\n<\/div>\n<div id=\"sdfootnote4\">\n<p class=\"sdfootnote\"><i><a class=\"sdfootnotesym\" href=\"#sdfootnote4anc\" name=\"sdfootnote4sym\">4<\/a>\u00cdbid<\/i><span style=\"font-style: normal\">., p. 34<\/span><\/p>\n<\/div>\n<div id=\"sdfootnote5\">\n<p class=\"sdfootnote\"><i><a class=\"sdfootnotesym\" href=\"#sdfootnote5anc\" name=\"sdfootnote5sym\">5<\/a>\u00cddem<\/i><span style=\"font-style: normal\">.<\/span><\/p>\n<\/div>\n<div id=\"sdfootnote6\">\n<p class=\"sdfootnote\"><i><a class=\"sdfootnotesym\" href=\"#sdfootnote6anc\" name=\"sdfootnote6sym\">6<\/a>\u00cdbid<\/i><span style=\"font-style: normal\">., p. 35<\/span><\/p>\n<\/div>\n<div id=\"sdfootnote7\">\n<p class=\"sdfootnote\"><a class=\"sdfootnotesym\" href=\"#sdfootnote7anc\" name=\"sdfootnote7sym\">7<\/a><span style=\"font-style: normal\"> Durante el califato de Mutamid (870-892), por ejemplo, quien realmente ejerci\u00f3 el poder durante la mayor parte de su <\/span><span style=\"font-style: normal\">periodo<\/span><span style=\"font-style: normal\"> de gobierno fue su hermano Muwaffaq<\/span><\/p>\n<\/div>\n","protected":false},"excerpt":{"rendered":"<p>p.sdfootnote { margin-left: 0.6cm; text-indent: -0.6cm; margin-bottom: 0cm; font-size: 10pt; line-height: 100%; }p { margin-bottom: 0.25cm; line-height: 120%; }a.sdfootnoteanc { font-size: 57%; } Se han visto ya las condiciones que al-Mawardi postula en al-Ahkam al-Sultaniyyah para que alguien pueda aspirar a ser imam, las que se deben cumplir para su designaci\u00f3n y cu\u00e1les son sus &hellip; <a href=\"https:\/\/estudiosgenealogicos.org\/rafarabius\/2015\/03\/18\/al-mawardi-revisitado-parte-3-la-deposicion-del-imam\/\" class=\"more-link\">Seguir leyendo <span class=\"screen-reader-text\">al-Mawardi revisitado (parte 3-la deposici\u00f3n del imam)<\/span> <span class=\"meta-nav\">&rarr;<\/span><\/a><\/p>\n","protected":false},"author":29,"featured_media":0,"comment_status":"open","ping_status":"open","sticky":false,"template":"","format":"standard","meta":{"_bbp_topic_count":0,"_bbp_reply_count":0,"_bbp_total_topic_count":0,"_bbp_total_reply_count":0,"_bbp_voice_count":0,"_bbp_anonymous_reply_count":0,"_bbp_topic_count_hidden":0,"_bbp_reply_count_hidden":0,"_bbp_forum_subforum_count":0,"footnotes":""},"categories":[5],"tags":[],"class_list":["post-161","post","type-post","status-publish","format-standard","hentry","category-filosofia-politica-medieval"],"_links":{"self":[{"href":"https:\/\/estudiosgenealogicos.org\/rafarabius\/wp-json\/wp\/v2\/posts\/161","targetHints":{"allow":["GET"]}}],"collection":[{"href":"https:\/\/estudiosgenealogicos.org\/rafarabius\/wp-json\/wp\/v2\/posts"}],"about":[{"href":"https:\/\/estudiosgenealogicos.org\/rafarabius\/wp-json\/wp\/v2\/types\/post"}],"author":[{"embeddable":true,"href":"https:\/\/estudiosgenealogicos.org\/rafarabius\/wp-json\/wp\/v2\/users\/29"}],"replies":[{"embeddable":true,"href":"https:\/\/estudiosgenealogicos.org\/rafarabius\/wp-json\/wp\/v2\/comments?post=161"}],"version-history":[{"count":4,"href":"https:\/\/estudiosgenealogicos.org\/rafarabius\/wp-json\/wp\/v2\/posts\/161\/revisions"}],"predecessor-version":[{"id":173,"href":"https:\/\/estudiosgenealogicos.org\/rafarabius\/wp-json\/wp\/v2\/posts\/161\/revisions\/173"}],"wp:attachment":[{"href":"https:\/\/estudiosgenealogicos.org\/rafarabius\/wp-json\/wp\/v2\/media?parent=161"}],"wp:term":[{"taxonomy":"category","embeddable":true,"href":"https:\/\/estudiosgenealogicos.org\/rafarabius\/wp-json\/wp\/v2\/categories?post=161"},{"taxonomy":"post_tag","embeddable":true,"href":"https:\/\/estudiosgenealogicos.org\/rafarabius\/wp-json\/wp\/v2\/tags?post=161"}],"curies":[{"name":"wp","href":"https:\/\/api.w.org\/{rel}","templated":true}]}}