{"id":8,"date":"2014-09-23T07:13:42","date_gmt":"2014-09-23T07:13:42","guid":{"rendered":"http:\/\/estudiosgenealogicos.org\/therapeiafilosofica\/?p=8"},"modified":"2014-09-23T07:13:42","modified_gmt":"2014-09-23T07:13:42","slug":"simposio-la-filosofia-como-forma-de-vida-y-critica-a-la-cultura-hacia-una-therapeia-filosofica","status":"publish","type":"post","link":"https:\/\/estudiosgenealogicos.org\/therapeiafilosofica\/2014\/09\/23\/simposio-la-filosofia-como-forma-de-vida-y-critica-a-la-cultura-hacia-una-therapeia-filosofica\/","title":{"rendered":"Simposio: \u00abLa filosof\u00eda como forma de vida y cr\u00edtica a la cultura: Hacia una therapeia filos\u00f3fica\u00bb"},"content":{"rendered":"<p><a href=\"http:\/\/estudiosgenealogicos.org\/therapeiafilosofica\/files\/2014\/09\/XV-AFM.jpeg\"><img loading=\"lazy\" decoding=\"async\" class=\"aligncenter size-full wp-image-9\" alt=\"XV AFM\" src=\"http:\/\/estudiosgenealogicos.org\/therapeiafilosofica\/files\/2014\/09\/XV-AFM.jpeg\" width=\"426\" height=\"604\" srcset=\"https:\/\/estudiosgenealogicos.org\/therapeiafilosofica\/files\/2014\/09\/XV-AFM.jpeg 426w, https:\/\/estudiosgenealogicos.org\/therapeiafilosofica\/files\/2014\/09\/XV-AFM-211x300.jpeg 211w\" sizes=\"auto, (max-width: 426px) 100vw, 426px\" \/><\/a><\/p>\n","protected":false},"excerpt":{"rendered":"","protected":false},"author":22,"featured_media":0,"comment_status":"open","ping_status":"open","sticky":false,"template":"","format":"image","meta":{"_bbp_topic_count":0,"_bbp_reply_count":0,"_bbp_total_topic_count":0,"_bbp_total_reply_count":0,"_bbp_voice_count":0,"_bbp_anonymous_reply_count":0,"_bbp_topic_count_hidden":0,"_bbp_reply_count_hidden":0,"_bbp_forum_subforum_count":0,"footnotes":""},"categories":[2],"tags":[],"class_list":["post-8","post","type-post","status-publish","format-image","hentry","category-eventos-externos","post_format-post-format-image"],"_links":{"self":[{"href":"https:\/\/estudiosgenealogicos.org\/therapeiafilosofica\/wp-json\/wp\/v2\/posts\/8","targetHints":{"allow":["GET"]}}],"collection":[{"href":"https:\/\/estudiosgenealogicos.org\/therapeiafilosofica\/wp-json\/wp\/v2\/posts"}],"about":[{"href":"https:\/\/estudiosgenealogicos.org\/therapeiafilosofica\/wp-json\/wp\/v2\/types\/post"}],"author":[{"embeddable":true,"href":"https:\/\/estudiosgenealogicos.org\/therapeiafilosofica\/wp-json\/wp\/v2\/users\/22"}],"replies":[{"embeddable":true,"href":"https:\/\/estudiosgenealogicos.org\/therapeiafilosofica\/wp-json\/wp\/v2\/comments?post=8"}],"version-history":[{"count":1,"href":"https:\/\/estudiosgenealogicos.org\/therapeiafilosofica\/wp-json\/wp\/v2\/posts\/8\/revisions"}],"predecessor-version":[{"id":10,"href":"https:\/\/estudiosgenealogicos.org\/therapeiafilosofica\/wp-json\/wp\/v2\/posts\/8\/revisions\/10"}],"wp:attachment":[{"href":"https:\/\/estudiosgenealogicos.org\/therapeiafilosofica\/wp-json\/wp\/v2\/media?parent=8"}],"wp:term":[{"taxonomy":"category","embeddable":true,"href":"https:\/\/estudiosgenealogicos.org\/therapeiafilosofica\/wp-json\/wp\/v2\/categories?post=8"},{"taxonomy":"post_tag","embeddable":true,"href":"https:\/\/estudiosgenealogicos.org\/therapeiafilosofica\/wp-json\/wp\/v2\/tags?post=8"}],"curies":[{"name":"wp","href":"https:\/\/api.w.org\/{rel}","templated":true}]}}