{"id":13,"date":"2014-11-30T07:49:04","date_gmt":"2014-11-30T07:49:04","guid":{"rendered":"http:\/\/estudiosgenealogicos.org\/transitossutiles\/?p=13"},"modified":"2015-01-25T00:32:09","modified_gmt":"2015-01-25T00:32:09","slug":"intervenciones-29-y-30-de-noviembre-de-2014","status":"publish","type":"post","link":"https:\/\/estudiosgenealogicos.org\/transitossutiles\/2014\/11\/30\/intervenciones-29-y-30-de-noviembre-de-2014\/","title":{"rendered":"Intervenciones: 29 y 30 de noviembre de 2014"},"content":{"rendered":"<p><a href=\"http:\/\/estudiosgenealogicos.org\/transitossutiles\/files\/2014\/11\/VestidoByN_800px.jpg\"><img loading=\"lazy\" decoding=\"async\" class=\"aligncenter size-full wp-image-40\" alt=\"VestidoByN_800px\" src=\"http:\/\/estudiosgenealogicos.org\/transitossutiles\/files\/2014\/11\/VestidoByN_800px.jpg\" width=\"800\" height=\"533\" srcset=\"https:\/\/estudiosgenealogicos.org\/transitossutiles\/files\/2014\/11\/VestidoByN_800px.jpg 800w, https:\/\/estudiosgenealogicos.org\/transitossutiles\/files\/2014\/11\/VestidoByN_800px-300x199.jpg 300w\" sizes=\"auto, (max-width: 800px) 100vw, 800px\" \/><\/a><\/p>\n<p>Intervenci\u00f3n de dos coreograf\u00edas creadas desde la focalizaci\u00f3n de la percepci\u00f3n, o dicho de otra forma, desde exploraciones som\u00e1ticas. Cada performer en escena realiza un movimiento s\u00f3lo desde la percepci\u00f3n de alg\u00fan tejido de su cuerpo, lo que modifica la calidad del movimiento y la calidad de la presencia.<br \/>\nLa clave para mirar la escena es romper los h\u00e1bitos de espectador que asumimos como normales: en vez de mirar pasivo, se trata de sentir si es que el cuerpo propio se siente invitado a alg\u00fan movimiento o a alguna forma nueva de presencia a partir de las cualidades de presencia y movimiento de las artistas.<\/p>\n<p><strong><em>Intervenciones<\/em><\/strong><br \/>\n29 y 30 de noviembre de 2014<br \/>\nTandem, estudio; Foro 8&#215;8<br \/>\nColima 134, 3er. piso, casi esquina Orizaba<br \/>\nCol. Roma, M\u00e9xico, D.F.<br \/>\n17:00 hrs.<\/p>\n<p>Cooperaci\u00f3n voluntaria<\/p>\n<p>Descarga el programa del evento en PDF:<br \/>\n<a href=\"http:\/\/estudiosgenealogicos.org\/transitossutiles\/files\/2014\/11\/ProgramaDeMano_INTERVENCIONES_TransitosSutiles_29y30Nov2014.pdf\">ProgramaDeMano_INTERVENCIONES_TransitosSutiles_29y30Nov2014<\/a><\/p>\n<p>El programa actual re\u00fane a los siguientes creadores dentro del <em>N\u00facleo creativo <strong>Tr\u00e1nsitos Sutiles<\/strong><\/em>:<\/p>\n<p>Claudia Cano del Valle (M\u00e9xico)<br \/>\nAurelio Cuello (M\u00e9xico)<br \/>\nSofi H\u00e9mon (Francia)<br \/>\nC\u00e9sar Manuel L\u00f3pez P\u00e9rez (M\u00e9xico)<br \/>\nLaurent Pascal (Francia)<br \/>\nMarcela Ponce (M\u00e9xico)<br \/>\nIris Raffetseder (Austria)<br \/>\nDulce Trejo (M\u00e9xico)<\/p>\n","protected":false},"excerpt":{"rendered":"<p>Intervenci\u00f3n de dos coreograf\u00edas creadas desde la focalizaci\u00f3n de la percepci\u00f3n, o dicho de otra forma, desde exploraciones som\u00e1ticas. Cada performer en escena realiza un movimiento s\u00f3lo desde la percepci\u00f3n de alg\u00fan tejido de su cuerpo, lo que modifica la &hellip; <a href=\"https:\/\/estudiosgenealogicos.org\/transitossutiles\/2014\/11\/30\/intervenciones-29-y-30-de-noviembre-de-2014\/\">Sigue leyendo <span class=\"meta-nav\">&rarr;<\/span><\/a><\/p>\n","protected":false},"author":1,"featured_media":0,"comment_status":"open","ping_status":"open","sticky":false,"template":"","format":"gallery","meta":{"_bbp_topic_count":0,"_bbp_reply_count":0,"_bbp_total_topic_count":0,"_bbp_total_reply_count":0,"_bbp_voice_count":0,"_bbp_anonymous_reply_count":0,"_bbp_topic_count_hidden":0,"_bbp_reply_count_hidden":0,"_bbp_forum_subforum_count":0,"footnotes":""},"categories":[13,10],"tags":[],"class_list":["post-13","post","type-post","status-publish","format-gallery","hentry","category-calendario","category-programas","post_format-post-format-gallery"],"_links":{"self":[{"href":"https:\/\/estudiosgenealogicos.org\/transitossutiles\/wp-json\/wp\/v2\/posts\/13","targetHints":{"allow":["GET"]}}],"collection":[{"href":"https:\/\/estudiosgenealogicos.org\/transitossutiles\/wp-json\/wp\/v2\/posts"}],"about":[{"href":"https:\/\/estudiosgenealogicos.org\/transitossutiles\/wp-json\/wp\/v2\/types\/post"}],"author":[{"embeddable":true,"href":"https:\/\/estudiosgenealogicos.org\/transitossutiles\/wp-json\/wp\/v2\/users\/1"}],"replies":[{"embeddable":true,"href":"https:\/\/estudiosgenealogicos.org\/transitossutiles\/wp-json\/wp\/v2\/comments?post=13"}],"version-history":[{"count":11,"href":"https:\/\/estudiosgenealogicos.org\/transitossutiles\/wp-json\/wp\/v2\/posts\/13\/revisions"}],"predecessor-version":[{"id":139,"href":"https:\/\/estudiosgenealogicos.org\/transitossutiles\/wp-json\/wp\/v2\/posts\/13\/revisions\/139"}],"wp:attachment":[{"href":"https:\/\/estudiosgenealogicos.org\/transitossutiles\/wp-json\/wp\/v2\/media?parent=13"}],"wp:term":[{"taxonomy":"category","embeddable":true,"href":"https:\/\/estudiosgenealogicos.org\/transitossutiles\/wp-json\/wp\/v2\/categories?post=13"},{"taxonomy":"post_tag","embeddable":true,"href":"https:\/\/estudiosgenealogicos.org\/transitossutiles\/wp-json\/wp\/v2\/tags?post=13"}],"curies":[{"name":"wp","href":"https:\/\/api.w.org\/{rel}","templated":true}]}}