{"id":53,"date":"2014-12-25T14:30:02","date_gmt":"2014-12-25T14:30:02","guid":{"rendered":"http:\/\/estudiosgenealogicos.org\/transitossutiles\/?p=53"},"modified":"2015-01-26T06:59:51","modified_gmt":"2015-01-26T06:59:51","slug":"intervenciones-25-diciembre-2014","status":"publish","type":"post","link":"https:\/\/estudiosgenealogicos.org\/transitossutiles\/2014\/12\/25\/intervenciones-25-diciembre-2014\/","title":{"rendered":"Intervenciones 25 diciembre 2014"},"content":{"rendered":"<p>Con el programa <em>Intervenciones<\/em>, Tr\u00e1nsitos Sutiles hace una elaboraci\u00f3n esc\u00e9nica junto con el espectador para vivenciar algunos aspectos que la percepci\u00f3n focalizada tiene como resistencia pol\u00edtica.<\/p>\n<p><em><strong>Festival mundial de las resistencias y las rebeld\u00edas contra el capitalismo<\/strong><\/em><br \/>\nLienzo Charro, Cabeza de Ju\u00e1rez<br \/>\nAv. Guelatao 50,<br \/>\nCol. \u00c1lvaro Obreg\u00f3n, Del. Iztapalapa<br \/>\nCerca de metro Guelatao<br \/>\n25 de diciembre 2014<br \/>\n12:00 pm<\/p>\n<p><a href=\"http:\/\/estudiosgenealogicos.org\/transitossutiles\/files\/2014\/12\/FestivalPrograma.jpg\"><img loading=\"lazy\" decoding=\"async\" class=\"aligncenter size-full wp-image-56\" alt=\"FestivalPrograma\" src=\"http:\/\/estudiosgenealogicos.org\/transitossutiles\/files\/2014\/12\/FestivalPrograma.jpg\" width=\"2048\" height=\"1243\" srcset=\"https:\/\/estudiosgenealogicos.org\/transitossutiles\/files\/2014\/12\/FestivalPrograma.jpg 2048w, https:\/\/estudiosgenealogicos.org\/transitossutiles\/files\/2014\/12\/FestivalPrograma-300x182.jpg 300w, https:\/\/estudiosgenealogicos.org\/transitossutiles\/files\/2014\/12\/FestivalPrograma-1024x621.jpg 1024w\" sizes=\"auto, (max-width: 2048px) 100vw, 2048px\" \/><\/a><\/p>\n<p>M\u00e1s acerca del festival en: <a href=\"http:\/\/espejo30.org\/\">espejo30.org<\/a><\/p>\n","protected":false},"excerpt":{"rendered":"<p>Con el programa Intervenciones, Tr\u00e1nsitos Sutiles hace una elaboraci\u00f3n esc\u00e9nica junto con el espectador para vivenciar algunos aspectos que la percepci\u00f3n focalizada tiene como resistencia pol\u00edtica. Festival mundial de las resistencias y las rebeld\u00edas contra el capitalismo Lienzo Charro, Cabeza &hellip; <a href=\"https:\/\/estudiosgenealogicos.org\/transitossutiles\/2014\/12\/25\/intervenciones-25-diciembre-2014\/\">Sigue leyendo <span class=\"meta-nav\">&rarr;<\/span><\/a><\/p>\n","protected":false},"author":1,"featured_media":0,"comment_status":"open","ping_status":"open","sticky":false,"template":"","format":"standard","meta":{"_bbp_topic_count":0,"_bbp_reply_count":0,"_bbp_total_topic_count":0,"_bbp_total_reply_count":0,"_bbp_voice_count":0,"_bbp_anonymous_reply_count":0,"_bbp_topic_count_hidden":0,"_bbp_reply_count_hidden":0,"_bbp_forum_subforum_count":0,"footnotes":""},"categories":[13,1],"tags":[],"class_list":["post-53","post","type-post","status-publish","format-standard","hentry","category-calendario","category-sin-categoria"],"_links":{"self":[{"href":"https:\/\/estudiosgenealogicos.org\/transitossutiles\/wp-json\/wp\/v2\/posts\/53","targetHints":{"allow":["GET"]}}],"collection":[{"href":"https:\/\/estudiosgenealogicos.org\/transitossutiles\/wp-json\/wp\/v2\/posts"}],"about":[{"href":"https:\/\/estudiosgenealogicos.org\/transitossutiles\/wp-json\/wp\/v2\/types\/post"}],"author":[{"embeddable":true,"href":"https:\/\/estudiosgenealogicos.org\/transitossutiles\/wp-json\/wp\/v2\/users\/1"}],"replies":[{"embeddable":true,"href":"https:\/\/estudiosgenealogicos.org\/transitossutiles\/wp-json\/wp\/v2\/comments?post=53"}],"version-history":[{"count":7,"href":"https:\/\/estudiosgenealogicos.org\/transitossutiles\/wp-json\/wp\/v2\/posts\/53\/revisions"}],"predecessor-version":[{"id":294,"href":"https:\/\/estudiosgenealogicos.org\/transitossutiles\/wp-json\/wp\/v2\/posts\/53\/revisions\/294"}],"wp:attachment":[{"href":"https:\/\/estudiosgenealogicos.org\/transitossutiles\/wp-json\/wp\/v2\/media?parent=53"}],"wp:term":[{"taxonomy":"category","embeddable":true,"href":"https:\/\/estudiosgenealogicos.org\/transitossutiles\/wp-json\/wp\/v2\/categories?post=53"},{"taxonomy":"post_tag","embeddable":true,"href":"https:\/\/estudiosgenealogicos.org\/transitossutiles\/wp-json\/wp\/v2\/tags?post=53"}],"curies":[{"name":"wp","href":"https:\/\/api.w.org\/{rel}","templated":true}]}}